{"id":1,"date":"2024-12-24T13:28:58","date_gmt":"2024-12-24T13:28:58","guid":{"rendered":"https:\/\/yeni.saglampanel.com\/?p=1"},"modified":"2025-10-21T11:30:11","modified_gmt":"2025-10-21T08:30:11","slug":"kiremit-desen-cati-paneli-ve-trapez-sac-farki","status":"publish","type":"post","link":"https:\/\/saglampan.pl\/tr\/kiremit-desen-cati-paneli-ve-trapez-sac-farki\/","title":{"rendered":"Kiremit Desen \u00c7at\u0131 Paneli ve Trapez Sac Fark\u0131"},"content":{"rendered":"\n<p><strong>Kiremit Desen \u00c7at\u0131 Paneli<\/strong><\/p>\n\n\n\n<p>T\u00fcrkiye\u2019de ilk kez Sa\u011flam Panel taraf\u0131ndan \u00fcretilen e\u015fsiz kiremit desenli \u00e7at\u0131 panelleri, estetik tasar\u0131mlar\u0131, ergonomik \u00f6zellikleri ve kolay uygulanabilir yap\u0131s\u0131yla dikkat \u00e7ekmektedir. Bu \u00f6zel paneller, sadece g\u00f6rsel olarak \u00e7ekici olmakla kalmay\u0131p ayn\u0131 zamanda deprem riskini azaltma amac\u0131n\u0131\u00a0ta\u015f\u0131maktad\u0131r. Geleneksel kiremit esteti\u011fini \u00e7a\u011fda\u015f yap\u0131 ihtiya\u00e7lar\u0131yla harmanlayan Kiremit Desenli \u00c7at\u0131 Paneli, binan\u0131z\u0131n d\u0131\u015f cephesine zarif bir dokunu\u015f ekler. Farkl\u0131 RAL renk se\u00e7enekleriyle \u00fcretilen panel, binan\u0131z\u0131n g\u00f6r\u00fcn\u00fcm\u00fcyle uyumlu bir\u00a0estetik\u00a0sunar. Hafifli\u011fi ve basit montaj\u0131yla dikkat \u00e7eken Kiremit Desen \u00c7at\u0131 Paneli, geleneksel kiremitlerin a\u011f\u0131rl\u0131\u011f\u0131ndan ka\u00e7\u0131narak hafif bir yap\u0131 sunar. Bu \u00f6zelli\u011fi sayesinde kolayca ta\u015f\u0131nabilir ve h\u0131zl\u0131 bir montaj s\u00fcreciyle\u00a0uygulanabilir.<\/p>\n\n\n\n<p>Dayan\u0131kl\u0131l\u0131k konusunda \u00fcst d\u00fczey bir performans sunan Kiremit Desen \u00c7at\u0131 Paneli, \u00e7evresel etkilere kar\u015f\u0131 y\u00fcksek dayan\u0131kl\u0131l\u0131k g\u00f6sterir. \u0130\u00e7 ve d\u0131\u015f tabakalar aras\u0131ndaki yal\u0131t\u0131m malzemesi sayesinde enerji tasarrufu sa\u011flar ve binan\u0131n \u0131s\u0131 dengesini optimize eder. Ayr\u0131ca yang\u0131na kar\u015f\u0131 dayan\u0131kl\u0131l\u0131\u011f\u0131yla binan\u0131n g\u00fcvenli\u011fini art\u0131r\u0131r ve kullan\u0131c\u0131lara g\u00fcvenli bir ya\u015fam alan\u0131 sunar.<\/p>\n\n\n\n<p>Depolardan fabrikalara, evlerden spor salonlar\u0131na kadar geni\u015f bir kullan\u0131m&nbsp;alan\u0131na sahip olan Kiremit Desenli \u00c7at\u0131 Paneli, net 1 metre kapatma \u00f6zelli\u011fiyle kolay montaj imk\u00e2n\u0131 sunar ve minimum maliyetle maksimum verimlilik sa\u011flar.<\/p>\n\n\n\n<p>ISO, TSE ve CE kalite belgelerine sahip olan Kiremit Desenli \u00c7at\u0131 Paneli,&nbsp;g\u00fcvenilir yap\u0131s\u0131yla modern bir \u00e7\u00f6z\u00fcm sunarken g\u00fcvenlik ve dayan\u0131kl\u0131l\u0131\u011f\u0131 bir&nbsp;araya&nbsp;getirir.<\/p>\n\n\n\n<p>\u00c7evresel etkilere kar\u015f\u0131 y\u00fcksek diren\u00e7 g\u00f6sterir. \u0130\u00e7 ve d\u0131\u015f tabakalar\u0131&nbsp;aras\u0131ndaki yal\u0131t\u0131m malzemesi sayesinde enerji tasarrufu sa\u011flar ve binan\u0131n \u0131s\u0131 dengesini&nbsp;optimize&nbsp;eder.<\/p>\n\n\n\n<h2 class=\"wp-block-heading\"><strong>Trapez Sac<\/strong><\/h2>\n\n\n\n<p>Trapez sac, y\u00fcksek dayan\u0131kl\u0131l\u0131\u011fa sahip, galvanizli ince \u00e7elik sac veya al\u00fcminyum kullan\u0131larak \u00f6zel bir boyama tekni\u011fiyle boyanm\u0131\u015f veya boyas\u0131z olarak \u00fcretilir. Genellikle oluklu levha olarak bilinir. Trapez saclar, kendinden destekli \u00e7at\u0131 ve cephe kaplama sistemlerinin temelini olu\u015fturur. Estetik ve ekonomik gereksinimler g\u00f6z \u00f6n\u00fcnde bulundurularak, \u00e7e\u015fitli renk ve geometrik se\u00e7enekler aras\u0131ndan en uygun \u00fcr\u00fcn&nbsp;se\u00e7ilebilir. Galvanizli taban malzemesi \u00fczerindeki \u00e7ok katmanl\u0131 kaplama sistemi, en \u00fcst d\u00fczeyde korozyon direnci sa\u011flar. \u00c7e\u015fitli kaplama renk se\u00e7enekleriyle estetik g\u00f6r\u00fcn\u00fcm\u00fc ki\u015fiselle\u015ftirme imk\u00e2n\u0131 sunarak y\u00fczey direncini art\u0131r\u0131r.<\/p>\n\n\n\n<p>Trapez sac, kare formuyla end\u00fcstriyel bir tarz sunar, ancak baz\u0131 durumlarda farkl\u0131 uygulamalarla ho\u015f ve uyumlu bir cephe g\u00f6r\u00fcn\u00fcm\u00fc elde edilebilir. Dalga g\u00f6r\u00fcn\u00fcml\u00fc d\u00f6rtgen levhalar, bu profil ile genellikle daha yumu\u015fak, estetik bir d\u0131\u015f cephe g\u00f6r\u00fcn\u00fcm\u00fc sa\u011flar ve \u00f6zel tercihlere&nbsp;cevap&nbsp;verir.<\/p>\n\n\n\n<p><br>Tek katmanl\u0131 bu kaplama, \u0131s\u0131 yal\u0131t\u0131m\u0131 gerektirmeyen end\u00fcstriyel, tar\u0131msal veya depo binalar\u0131 i\u00e7in uygun bir se\u00e7enektir. Ayr\u0131ca, i\u00e7 ve d\u0131\u015f s\u0131cakl\u0131k de\u011fi\u015fimlerine (yo\u011fu\u015fma) maruz kalan alanlarda da kullan\u0131labilir. Spor salonlar\u0131 gibi alanlarda da s\u0131k\u00e7a tercih edilir.<\/p>\n\n\n\n<p>Is\u0131 yal\u0131t\u0131ml\u0131 salonlar i\u00e7in, genellikle, yal\u0131t\u0131ml\u0131 ikincil y\u00fck ta\u015f\u0131ma sistemleri (galvaniz profiller) aras\u0131na yerle\u015ftirilmi\u015f daha y\u00fcksek ve daha al\u00e7ak levhalarla \u00e7ift cidarl\u0131 bir \u00e7at\u0131 ba\u011flant\u0131l\u0131 gresten duvar kaplamas\u0131 tercih edilir. Cephe yap\u0131s\u0131n\u0131n en uygun teknik \u00f6zelliklerine (yal\u0131t\u0131m ve alt tabaka t\u00fcr\u00fc, yap\u0131sal kal\u0131nl\u0131k, vb.) karar vermek i\u00e7in \u00f6zel ve dikkatli bir s\u0131cakl\u0131k ve nem analizi gereklidir. Ses kirlili\u011fini azaltmak i\u00e7in bu cephe sistemi, i\u00e7ten delikli sac ile daha y\u00fcksek ses emilimi sa\u011flayacakt\u0131r. Trapez sac, d\u00fcz duvar yap\u0131lar\u0131na da uygulanabilir.<\/p>\n\n\n\n<h2 class=\"wp-block-heading\"><strong>Kiremit Desen \u00c7at\u0131 Paneli ve Trapez Sac Fark\u0131<\/strong><\/h2>\n\n\n\n<figure class=\"wp-block-table\"><table class=\"has-fixed-layout\"><tbody><tr><td>&nbsp;<\/td><td><strong>TRAPEZ SAC<\/strong><\/td><td><strong>K\u0130REM\u0130T DESEN PANEL<\/strong><\/td><\/tr><tr><td><strong>MALZEME<\/strong><\/td><td>Galvaniz sac veya al\u00fcminyumdan, coil coating boyal\u0131 veya boyas\u0131z olarak, de\u011fi\u015fik kal\u0131nl\u0131k ve formlarda \u00fcretilmektedir<\/td><td>Boyal\u0131 galvaniz sac ya da al\u00fcminyum<\/td><\/tr><tr><td><strong>G\u00d6R\u00dcN\u00dcM<\/strong><\/td><td>End\u00fcstriyel bir g\u00f6r\u00fcn\u00fcm sunar ve genellikle d\u00fcz levhalar \u015feklinde&nbsp;gelir<\/td><td>Geleneksel kiremit g\u00f6r\u00fcn\u00fcm\u00fcn\u00fc taklit eder ve daha estetik bir&nbsp;g\u00f6r\u00fcn\u00fcm&nbsp;sa\u011flar<\/td><\/tr><tr><td><strong>KULLANIM ALANI<\/strong><\/td><td>End\u00fcstriyel binalar\u0131n \u00e7at\u0131lar\u0131nda, spor salonlar\u0131nda, i\u015f yeri ve \u00fcretim merkezlerinde kullan\u0131l\u0131r.<\/td><td>Konut ve ticari binalar\u0131n \u00e7at\u0131lar\u0131 ve cephe kaplamalar\u0131 i\u00e7in tercih edilir.<\/td><\/tr><\/tbody><\/table><\/figure>\n\n\n\n<p><a href=\"https:\/\/pinterest.com\/pin\/create\/button\/?url=https:\/\/saglampan.pl\/kiremit-desen-cati-paneli-ve-trapez-sac-farki\/\" target=\"_blank\" rel=\"noreferrer noopener\"><\/a><\/p>\n\n\n\n<p><a href=\"https:\/\/twitter.com\/share?url=https:\/\/saglampan.pl\/kiremit-desen-cati-paneli-ve-trapez-sac-farki\/&amp;text=Kiremit+Desen+%C3%87at%C4%B1+Paneli+ve+Trapez+Sac+Fark%C4%B1&amp;hashtags=simplesharebuttons\" target=\"_blank\" rel=\"noreferrer noopener\"><\/a><\/p>\n\n\n\n<p><a href=\"http:\/\/www.facebook.com\/sharer.php?u=https:\/\/saglampan.pl\/kiremit-desen-cati-paneli-ve-trapez-sac-farki\/\" target=\"_blank\" rel=\"noreferrer noopener\"><\/a><\/p>\n","protected":false},"excerpt":{"rendered":"<p>Kiremit Desen \u00c7at\u0131 Paneli T\u00fcrkiye\u2019de ilk kez Sa\u011flam Panel taraf\u0131ndan \u00fcretilen e\u015fsiz kiremit desenli \u00e7at\u0131 panelleri, estetik tasar\u0131mlar\u0131, ergonomik \u00f6zellikleri ve kolay uygulanabilir yap\u0131s\u0131yla dikkat \u00e7ekmektedir. Bu \u00f6zel paneller, sadece g\u00f6rsel olarak \u00e7ekici olmakla kalmay\u0131p ayn\u0131 zamanda deprem riskini azaltma amac\u0131n\u0131\u00a0ta\u015f\u0131maktad\u0131r. Geleneksel kiremit esteti\u011fini \u00e7a\u011fda\u015f yap\u0131 ihtiya\u00e7lar\u0131yla harmanlayan Kiremit Desenli \u00c7at\u0131 Paneli, binan\u0131z\u0131n d\u0131\u015f cephesine [&hellip;]<\/p>\n","protected":false},"author":6,"featured_media":434,"comment_status":"open","ping_status":"closed","sticky":false,"template":"","format":"standard","meta":{"_acf_changed":false,"inline_featured_image":false,"footnotes":""},"categories":[1],"tags":[],"class_list":["post-1","post","type-post","status-publish","format-standard","has-post-thumbnail","hentry","category-blog"],"acf":[],"_links":{"self":[{"href":"https:\/\/saglampan.pl\/tr\/wp-json\/wp\/v2\/posts\/1","targetHints":{"allow":["GET"]}}],"collection":[{"href":"https:\/\/saglampan.pl\/tr\/wp-json\/wp\/v2\/posts"}],"about":[{"href":"https:\/\/saglampan.pl\/tr\/wp-json\/wp\/v2\/types\/post"}],"author":[{"embeddable":true,"href":"https:\/\/saglampan.pl\/tr\/wp-json\/wp\/v2\/users\/6"}],"replies":[{"embeddable":true,"href":"https:\/\/saglampan.pl\/tr\/wp-json\/wp\/v2\/comments?post=1"}],"version-history":[{"count":4,"href":"https:\/\/saglampan.pl\/tr\/wp-json\/wp\/v2\/posts\/1\/revisions"}],"predecessor-version":[{"id":14377,"href":"https:\/\/saglampan.pl\/tr\/wp-json\/wp\/v2\/posts\/1\/revisions\/14377"}],"wp:featuredmedia":[{"embeddable":true,"href":"https:\/\/saglampan.pl\/tr\/wp-json\/wp\/v2\/media\/434"}],"wp:attachment":[{"href":"https:\/\/saglampan.pl\/tr\/wp-json\/wp\/v2\/media?parent=1"}],"wp:term":[{"taxonomy":"category","embeddable":true,"href":"https:\/\/saglampan.pl\/tr\/wp-json\/wp\/v2\/categories?post=1"},{"taxonomy":"post_tag","embeddable":true,"href":"https:\/\/saglampan.pl\/tr\/wp-json\/wp\/v2\/tags?post=1"}],"curies":[{"name":"wp","href":"https:\/\/api.w.org\/{rel}","templated":true}]}}